{"id":19,"count":9,"description":"Os secadores por condu\u00e7\u00e3o e v\u00e1cuo transformaram a forma como os materiais s\u00e3o secos, combinando as tecnologias de v\u00e1cuo e de condu\u00e7\u00e3o. Estas m\u00e1quinas s\u00e3o altamente eficazes na remo\u00e7\u00e3o da humidade, criando um ambiente de baixa temperatura ao reduzir a press\u00e3o e a humidade da c\u00e2mara. Este m\u00e9todo inovador evita danos nos materiais. Assegura a secagem.\r\n\r\n<strong>Raz\u00f5es para escolher secadores por condu\u00e7\u00e3o e por v\u00e1cuo<\/strong>\r\n\r\nOptar pela tecnologia de secagem por condu\u00e7\u00e3o e v\u00e1cuo proporciona uma efici\u00eancia energ\u00e9tica excecional e um controlo preciso. Funcionando a temperaturas num ambiente, estas unidades melhoram o processo de secagem de subst\u00e2ncias delicadas sem quaisquer riscos. Esta abordagem \u00e9 particularmente ben\u00e9fica para materiais higrosc\u00f3picos e potencialmente perigosos.\r\n\r\n<strong>Benef\u00edcios da nossa tecnologia de secagem<\/strong>\r\n\r\nIncorporar um Secador por Condu\u00e7\u00e3o e V\u00e1cuo em suas opera\u00e7\u00f5es oferece vantagens. A utiliza\u00e7\u00e3o de uma bomba de v\u00e1cuo reduz significativamente a press\u00e3o e a umidade, resultando em maior secagem em compara\u00e7\u00e3o aos m\u00e9todos tradicionais. Este m\u00e9todo \u00e9 adequado para processos em lote, garantindo uma secagem completa e uniforme dos materiais. Al\u00e9m disso, o uso combinado de condu\u00e7\u00e3o e secagem a v\u00e1cuo n\u00e3o economiza energia, mas tamb\u00e9m melhora a qualidade e a consist\u00eancia do produto. Seja no manuseio de produtos farmac\u00eauticos ou produtos qu\u00edmicos robustos, nossos secadores produzem resultados seguros que atendem aos padr\u00f5es da ind\u00fastria. Em \u00faltima an\u00e1lise, nossos Secadores por Condu\u00e7\u00e3o e V\u00e1cuo estabelecem uma refer\u00eancia em tecnologia de secagem. Eles oferecem uma combina\u00e7\u00e3o de efic\u00e1cia, precis\u00e3o e excel\u00eancia, tornando-os adequados para todos os usos. Veja como esses secadores de \u00faltima gera\u00e7\u00e3o podem revolucionar seu procedimento de secagem, proporcionando resultados consistentes.\r\n\r\n<strong>Explorar mais tecnologias de secagem<\/strong>\r\n\r\nOferecemos uma variedade de tecnologias de secagem para satisfazer diversas necessidades industriais. Explore os nossos outros dispositivos de secagem e encontre a solu\u00e7\u00e3o que se adapta \u00e0s suas necessidades. Consulte as liga\u00e7\u00f5es abaixo para obter mais informa\u00e7\u00f5es:\r\n<ul>\r\n \t<li><em><a href=\"https:\/\/www.sinothermo.com\/pt\/product-category\/convection-dryer\/\"><strong>Secadores de convec\u00e7\u00e3o<\/strong><\/a><a href=\"https:\/\/www.sinothermo.com\/pt\/product-category\/convection-dryer\/\">:<\/a><\/em> Uma solu\u00e7\u00e3o de secagem r\u00e1pida e uniforme adequada para v\u00e1rios materiais.<\/li>\r\n \t<li><em><strong><a href=\"https:\/\/www.sinothermo.com\/pt\/product-category\/freeze-dryer\/\" target=\"_blank\" rel=\"noopener\">Secadores por congela\u00e7\u00e3o<\/a><\/strong>:<\/em> Mant\u00e9m a integridade do material, ideal para secar materiais sens\u00edveis ao calor.<\/li>\r\n<\/ul>","link":"https:\/\/www.sinothermo.com\/pt\/product-category\/industrial-dryer-and-pilot-dryer\/conduction-and-vacuum-dryer\/","name":"Secador por condu\u00e7\u00e3o e v\u00e1cuo","slug":"conduction-and-vacuum-dryer","taxonomy":"product_cat","parent":89,"meta":[],"menu_order":0,"_links":{"self":[{"href":"https:\/\/www.sinothermo.com\/pt\/wp-json\/wp\/v2\/product_cat\/19","targetHints":{"allow":["GET"]}}],"collection":[{"href":"https:\/\/www.sinothermo.com\/pt\/wp-json\/wp\/v2\/product_cat"}],"about":[{"href":"https:\/\/www.sinothermo.com\/pt\/wp-json\/wp\/v2\/taxonomies\/product_cat"}],"up":[{"embeddable":true,"href":"https:\/\/www.sinothermo.com\/pt\/wp-json\/wp\/v2\/product_cat\/89"}],"wp:post_type":[{"href":"https:\/\/www.sinothermo.com\/pt\/wp-json\/wp\/v2\/product?product_cat=19"}],"curies":[{"name":"wp","href":"https:\/\/api.w.org\/{rel}","templated":true}]}}